{"id":9811,"date":"2019-04-26T12:19:08","date_gmt":"2019-04-26T10:19:08","guid":{"rendered":"https:\/\/www.captourist.com\/?p=9811"},"modified":"2019-04-24T13:29:12","modified_gmt":"2019-04-24T11:29:12","slug":"vacaciones-que-merecen-fotos-profesionales","status":"publish","type":"post","link":"https:\/\/www.captourist.com\/es\/vacaciones-que-merecen-fotos-profesionales\/","title":{"rendered":"Vacaciones que Merecen Fotos Profesionales"},"content":{"rendered":"<p>Est\u00e1 cient\u00edficamente comprobado que las vacaciones tienen muchos beneficios. Las vacaciones te ayudan a sentirte m\u00e1s feliz, m\u00e1s saludable, y mucho m\u00e1s productivo. Hay vacaciones en las que lo \u00fanico que deber\u00edas hacer es desconectar de tu d\u00eda a d\u00eda y relajarte. Por otro lado hay vacaciones \u00fanicas en las que crear momentos es lo m\u00e1s importante. \u00bfNo crees que es una brillante idea tener hermosas fotos de calidad para llevarte a casa recuerdos tangibles?<\/p>\n<p>Tenemos que decirlo, la foto clich\u00e9 de tus pies con la piscina de fondo, la imagen de tu c\u00f3ctel en el aeropuerto, o las miles de fotos de tu cara sobre los paisajes no es la manera m\u00e1s encantadora de compartir o revivir tus bellos momentos de viaje. Las vacaciones especiales merecen fotos hermosas y significativas. Por esta raz\u00f3n compartimos contigo cinco tipos de vacaciones para las que recomendamos contratar a un fot\u00f3grafo profesional \u261e<\/p>\n<h2 style=\"text-align: center;\"><span class=\"Apple-converted-space\">\u00a0<\/span>Vacaciones que Merecen Fotos Profesionales<\/h2>\n<h3>1.- Vacaciones Irrepetibles en Familia<span class=\"Apple-converted-space\">\u00a0<\/span><\/h3>\n<p>Reunir a toda la familia es tarea complicada. Por eso, los viajes multigeneracionales son el pretexto perfecto para crear memorias que duren toda la vida y hacer fotos de estos momentos preciosos.<\/p>\n<div id=\"attachment_9676\" style=\"width: 810px\" class=\"wp-caption alignnone\"><a href=\"https:\/\/www.captourist.com\/es\/destinos\/valencia-fotografa-paula\/\"><img loading=\"lazy\" decoding=\"async\" aria-describedby=\"caption-attachment-9676\" class=\"wp-image-9676 size-full\" src=\"https:\/\/www.captourist.com\/wp-content\/uploads\/2019\/04\/PAULA-2-VALENCIA-PHOTOGRAPHER-PHOTOSHOOT.jpg\" alt=\"\" width=\"800\" height=\"600\" srcset=\"https:\/\/www.captourist.com\/wp-content\/uploads\/2019\/04\/PAULA-2-VALENCIA-PHOTOGRAPHER-PHOTOSHOOT.jpg 800w, https:\/\/www.captourist.com\/wp-content\/uploads\/2019\/04\/PAULA-2-VALENCIA-PHOTOGRAPHER-PHOTOSHOOT-300x225.jpg 300w, https:\/\/www.captourist.com\/wp-content\/uploads\/2019\/04\/PAULA-2-VALENCIA-PHOTOGRAPHER-PHOTOSHOOT-768x576.jpg 768w, https:\/\/www.captourist.com\/wp-content\/uploads\/2019\/04\/PAULA-2-VALENCIA-PHOTOGRAPHER-PHOTOSHOOT-600x450.jpg 600w\" sizes=\"(max-width: 800px) 100vw, 800px\" \/><\/a><p id=\"caption-attachment-9676\" class=\"wp-caption-text\">Foto capturada por Paula en Valencia<\/p><\/div>\n<h3>2.- Pedida de Mano.<\/h3>\n<p>No hay nada m\u00e1s m\u00e1gico y rom\u00e1ntico que te pidan compartir toda una vida juntos en un destino nuevo. \u00a1Tener la foto de ese<span class=\"Apple-converted-space\">\u00a0 <\/span>momento que solo pasa una vez en la vida, no tiene precio!<\/p>\n<h3>3.- Tu Viaje de Despedida de Soltera.<\/h3>\n<p>Esta es la \u00fanica vez en la vida en la que puedes justificar el pedirles a tus amigas que celebren tu despedida de soltera en el destino de tu preferencia. Guarda este viaje de amigas y p\u00e1salo genial contratando a un <a href=\"https:\/\/www.captourist.com\/es\/paquetes\/\">fot\u00f3grafo de viaje profesional.<\/a><\/p>\n<h3>4.- Tu Viaje de Luna de Miel.<\/h3>\n<p>La luna de miel es una de las experiencias mas inolvidables que la reci\u00e9n casada pareja vivir\u00e1. Para que no te arrepientas en un futuro, invierte un poco para capturar esos momentos especiales e imprime un bonito\u00a0<a href=\"https:\/\/www.blurb.com\">\u00e1lbum<\/a><\/p>\n<div id=\"attachment_9213\" style=\"width: 810px\" class=\"wp-caption alignnone\"><a href=\"https:\/\/www.captourist.com\/wp-content\/uploads\/2019\/03\/Laura-5.jpg\"><img loading=\"lazy\" decoding=\"async\" aria-describedby=\"caption-attachment-9213\" class=\"wp-image-9213 size-full\" src=\"https:\/\/www.captourist.com\/wp-content\/uploads\/2019\/03\/Laura-5.jpg\" alt=\"\" width=\"800\" height=\"600\" srcset=\"https:\/\/www.captourist.com\/wp-content\/uploads\/2019\/03\/Laura-5.jpg 800w, https:\/\/www.captourist.com\/wp-content\/uploads\/2019\/03\/Laura-5-300x225.jpg 300w, https:\/\/www.captourist.com\/wp-content\/uploads\/2019\/03\/Laura-5-768x576.jpg 768w, https:\/\/www.captourist.com\/wp-content\/uploads\/2019\/03\/Laura-5-600x450.jpg 600w\" sizes=\"(max-width: 800px) 100vw, 800px\" \/><\/a><p id=\"caption-attachment-9213\" class=\"wp-caption-text\">Foto capturada por Laura en Barcelona<\/p><\/div>\n<h3>5.- Tu Viaje de Aniversario.<\/h3>\n<p>Todas las parejas necesitan volver a conectar el uno con el otro de vez en cuando. \u00bfQu\u00e9 tan divertido ser\u00eda tener una escapada rom\u00e1ntica, conocer a un fot\u00f3grafo local amigable y capturar fotos del amor de tu vida y t\u00fa?<\/p>\n<p>\u00bfCu\u00e1les son tus pr\u00f3ximas vacaciones que merecen la pena invertir para contratar a un fot\u00f3grafo profesional?<\/p>\n","protected":false},"excerpt":{"rendered":"<p>Est\u00e1 cient\u00edficamente comprobado que las vacaciones tienen muchos beneficios. Las vacaciones te ayudan a sentirte m\u00e1s feliz, m\u00e1s saludable, y mucho m\u00e1s productivo. Hay vacaciones en las que lo \u00fanico que deber\u00edas hacer es desconectar de tu d\u00eda a d\u00eda y relajarte. Por otro lado [&hellip;]<\/p>\n","protected":false},"author":3,"featured_media":9809,"comment_status":"open","ping_status":"closed","sticky":false,"template":"","format":"standard","meta":{"footnotes":""},"categories":[226],"tags":[],"class_list":["post-9811","post","type-post","status-publish","format-standard","has-post-thumbnail","hentry","category-vacaciones"],"yoast_head":"<!-- This site is optimized with the Yoast SEO plugin v25.2 - https:\/\/yoast.com\/wordpress\/plugins\/seo\/ -->\n<title>Vacaciones que Merecen Fotos Profesionales<\/title>\n<meta name=\"description\" content=\"Las vacaciones son una forma maravillosa para crear memorias. Hay vacaciones especiales que merecen fotograf\u00edas significativas hechas por un profesional.\" \/>\n<meta name=\"robots\" content=\"index, follow, max-snippet:-1, max-image-preview:large, max-video-preview:-1\" \/>\n<link rel=\"canonical\" href=\"https:\/\/www.captourist.com\/es\/vacaciones-que-merecen-fotos-profesionales\/\" \/>\n<meta property=\"og:locale\" content=\"es_ES\" \/>\n<meta property=\"og:type\" content=\"article\" \/>\n<meta property=\"og:title\" content=\"Vacaciones que Merecen Fotos Profesionales\" \/>\n<meta property=\"og:description\" content=\"Las vacaciones son una forma maravillosa para crear memorias. Hay vacaciones especiales que merecen fotograf\u00edas significativas hechas por un profesional.\" \/>\n<meta property=\"og:url\" content=\"https:\/\/www.captourist.com\/es\/vacaciones-que-merecen-fotos-profesionales\/\" \/>\n<meta property=\"og:site_name\" content=\"Captourist\" \/>\n<meta property=\"article:publisher\" content=\"https:\/\/www.facebook.com\/captourist\/\" \/>\n<meta property=\"article:published_time\" content=\"2019-04-26T10:19:08+00:00\" \/>\n<meta property=\"og:image\" content=\"https:\/\/www.captourist.com\/wp-content\/uploads\/2019\/04\/Vacations-deserve-Professional-photos.jpg\" \/>\n\t<meta property=\"og:image:width\" content=\"1600\" \/>\n\t<meta property=\"og:image:height\" content=\"578\" \/>\n\t<meta property=\"og:image:type\" content=\"image\/jpeg\" \/>\n<meta name=\"author\" content=\"Fernanda\" \/>\n<meta name=\"twitter:card\" content=\"summary_large_image\" \/>\n<meta name=\"twitter:creator\" content=\"@captourist\" \/>\n<meta name=\"twitter:site\" content=\"@captourist\" \/>\n<meta name=\"twitter:label1\" content=\"Escrito por\" \/>\n\t<meta name=\"twitter:data1\" content=\"Fernanda\" \/>\n\t<meta name=\"twitter:label2\" content=\"Tiempo de lectura\" \/>\n\t<meta name=\"twitter:data2\" content=\"2 minutos\" \/>\n<script type=\"application\/ld+json\" class=\"yoast-schema-graph\">{\"@context\":\"https:\/\/schema.org\",\"@graph\":[{\"@type\":\"Article\",\"@id\":\"https:\/\/www.captourist.com\/es\/vacaciones-que-merecen-fotos-profesionales\/#article\",\"isPartOf\":{\"@id\":\"https:\/\/www.captourist.com\/es\/vacaciones-que-merecen-fotos-profesionales\/\"},\"author\":{\"name\":\"Fernanda\",\"@id\":\"https:\/\/www.captourist.com\/#\/schema\/person\/fb101c2cbb1f74af454cc769eae4b29f\"},\"headline\":\"Vacaciones que Merecen Fotos Profesionales\",\"datePublished\":\"2019-04-26T10:19:08+00:00\",\"mainEntityOfPage\":{\"@id\":\"https:\/\/www.captourist.com\/es\/vacaciones-que-merecen-fotos-profesionales\/\"},\"wordCount\":444,\"commentCount\":0,\"publisher\":{\"@id\":\"https:\/\/www.captourist.com\/#organization\"},\"image\":{\"@id\":\"https:\/\/www.captourist.com\/es\/vacaciones-que-merecen-fotos-profesionales\/#primaryimage\"},\"thumbnailUrl\":\"https:\/\/www.captourist.com\/wp-content\/uploads\/2019\/04\/Vacations-deserve-Professional-photos.jpg\",\"articleSection\":[\"Vacaciones\"],\"inLanguage\":\"es\",\"potentialAction\":[{\"@type\":\"CommentAction\",\"name\":\"Comment\",\"target\":[\"https:\/\/www.captourist.com\/es\/vacaciones-que-merecen-fotos-profesionales\/#respond\"]}]},{\"@type\":\"WebPage\",\"@id\":\"https:\/\/www.captourist.com\/es\/vacaciones-que-merecen-fotos-profesionales\/\",\"url\":\"https:\/\/www.captourist.com\/es\/vacaciones-que-merecen-fotos-profesionales\/\",\"name\":\"Vacaciones que Merecen Fotos Profesionales\",\"isPartOf\":{\"@id\":\"https:\/\/www.captourist.com\/#website\"},\"primaryImageOfPage\":{\"@id\":\"https:\/\/www.captourist.com\/es\/vacaciones-que-merecen-fotos-profesionales\/#primaryimage\"},\"image\":{\"@id\":\"https:\/\/www.captourist.com\/es\/vacaciones-que-merecen-fotos-profesionales\/#primaryimage\"},\"thumbnailUrl\":\"https:\/\/www.captourist.com\/wp-content\/uploads\/2019\/04\/Vacations-deserve-Professional-photos.jpg\",\"datePublished\":\"2019-04-26T10:19:08+00:00\",\"description\":\"Las vacaciones son una forma maravillosa para crear memorias. Hay vacaciones especiales que merecen fotograf\u00edas significativas hechas por un profesional.\",\"breadcrumb\":{\"@id\":\"https:\/\/www.captourist.com\/es\/vacaciones-que-merecen-fotos-profesionales\/#breadcrumb\"},\"inLanguage\":\"es\",\"potentialAction\":[{\"@type\":\"ReadAction\",\"target\":[\"https:\/\/www.captourist.com\/es\/vacaciones-que-merecen-fotos-profesionales\/\"]}]},{\"@type\":\"ImageObject\",\"inLanguage\":\"es\",\"@id\":\"https:\/\/www.captourist.com\/es\/vacaciones-que-merecen-fotos-profesionales\/#primaryimage\",\"url\":\"https:\/\/www.captourist.com\/wp-content\/uploads\/2019\/04\/Vacations-deserve-Professional-photos.jpg\",\"contentUrl\":\"https:\/\/www.captourist.com\/wp-content\/uploads\/2019\/04\/Vacations-deserve-Professional-photos.jpg\",\"width\":1600,\"height\":578},{\"@type\":\"BreadcrumbList\",\"@id\":\"https:\/\/www.captourist.com\/es\/vacaciones-que-merecen-fotos-profesionales\/#breadcrumb\",\"itemListElement\":[{\"@type\":\"ListItem\",\"position\":1,\"name\":\"Home\",\"item\":\"https:\/\/www.captourist.com\/es\/\"},{\"@type\":\"ListItem\",\"position\":2,\"name\":\"Vacaciones que Merecen Fotos Profesionales\"}]},{\"@type\":\"WebSite\",\"@id\":\"https:\/\/www.captourist.com\/#website\",\"url\":\"https:\/\/www.captourist.com\/\",\"name\":\"Captourist\",\"description\":\"Book a professional photographer in Europe\",\"publisher\":{\"@id\":\"https:\/\/www.captourist.com\/#organization\"},\"potentialAction\":[{\"@type\":\"SearchAction\",\"target\":{\"@type\":\"EntryPoint\",\"urlTemplate\":\"https:\/\/www.captourist.com\/?s={search_term_string}\"},\"query-input\":{\"@type\":\"PropertyValueSpecification\",\"valueRequired\":true,\"valueName\":\"search_term_string\"}}],\"inLanguage\":\"es\"},{\"@type\":\"Organization\",\"@id\":\"https:\/\/www.captourist.com\/#organization\",\"name\":\"Captourist\",\"url\":\"https:\/\/www.captourist.com\/\",\"logo\":{\"@type\":\"ImageObject\",\"inLanguage\":\"es\",\"@id\":\"https:\/\/www.captourist.com\/#\/schema\/logo\/image\/\",\"url\":\"https:\/\/www.captourist.com\/wp-content\/uploads\/2016\/04\/cropped-LOGOsite.png\",\"contentUrl\":\"https:\/\/www.captourist.com\/wp-content\/uploads\/2016\/04\/cropped-LOGOsite.png\",\"width\":512,\"height\":512,\"caption\":\"Captourist\"},\"image\":{\"@id\":\"https:\/\/www.captourist.com\/#\/schema\/logo\/image\/\"},\"sameAs\":[\"https:\/\/www.facebook.com\/captourist\/\",\"https:\/\/x.com\/captourist\",\"https:\/\/www.instagram.com\/hola.captourist\/\"]},{\"@type\":\"Person\",\"@id\":\"https:\/\/www.captourist.com\/#\/schema\/person\/fb101c2cbb1f74af454cc769eae4b29f\",\"name\":\"Fernanda\",\"image\":{\"@type\":\"ImageObject\",\"inLanguage\":\"es\",\"@id\":\"https:\/\/www.captourist.com\/#\/schema\/person\/image\/\",\"url\":\"https:\/\/secure.gravatar.com\/avatar\/45941af03c43abca8db0d3426f89d54c?s=96&d=mm&r=g\",\"contentUrl\":\"https:\/\/secure.gravatar.com\/avatar\/45941af03c43abca8db0d3426f89d54c?s=96&d=mm&r=g\",\"caption\":\"Fernanda\"},\"description\":\"Fernanda Retes is the Creative Content Creator of our Captourist Team. A writer by day and a reader at night.\",\"sameAs\":[\"@fernanda.retes\"],\"url\":\"https:\/\/www.captourist.com\/es\/author\/fernanda\/\"}]}<\/script>\n<!-- \/ Yoast SEO plugin. -->","yoast_head_json":{"title":"Vacaciones que Merecen Fotos Profesionales","description":"Las vacaciones son una forma maravillosa para crear memorias. Hay vacaciones especiales que merecen fotograf\u00edas significativas hechas por un profesional.","robots":{"index":"index","follow":"follow","max-snippet":"max-snippet:-1","max-image-preview":"max-image-preview:large","max-video-preview":"max-video-preview:-1"},"canonical":"https:\/\/www.captourist.com\/es\/vacaciones-que-merecen-fotos-profesionales\/","og_locale":"es_ES","og_type":"article","og_title":"Vacaciones que Merecen Fotos Profesionales","og_description":"Las vacaciones son una forma maravillosa para crear memorias. Hay vacaciones especiales que merecen fotograf\u00edas significativas hechas por un profesional.","og_url":"https:\/\/www.captourist.com\/es\/vacaciones-que-merecen-fotos-profesionales\/","og_site_name":"Captourist","article_publisher":"https:\/\/www.facebook.com\/captourist\/","article_published_time":"2019-04-26T10:19:08+00:00","og_image":[{"width":1600,"height":578,"url":"https:\/\/www.captourist.com\/wp-content\/uploads\/2019\/04\/Vacations-deserve-Professional-photos.jpg","type":"image\/jpeg"}],"author":"Fernanda","twitter_card":"summary_large_image","twitter_creator":"@captourist","twitter_site":"@captourist","twitter_misc":{"Escrito por":"Fernanda","Tiempo de lectura":"2 minutos"},"schema":{"@context":"https:\/\/schema.org","@graph":[{"@type":"Article","@id":"https:\/\/www.captourist.com\/es\/vacaciones-que-merecen-fotos-profesionales\/#article","isPartOf":{"@id":"https:\/\/www.captourist.com\/es\/vacaciones-que-merecen-fotos-profesionales\/"},"author":{"name":"Fernanda","@id":"https:\/\/www.captourist.com\/#\/schema\/person\/fb101c2cbb1f74af454cc769eae4b29f"},"headline":"Vacaciones que Merecen Fotos Profesionales","datePublished":"2019-04-26T10:19:08+00:00","mainEntityOfPage":{"@id":"https:\/\/www.captourist.com\/es\/vacaciones-que-merecen-fotos-profesionales\/"},"wordCount":444,"commentCount":0,"publisher":{"@id":"https:\/\/www.captourist.com\/#organization"},"image":{"@id":"https:\/\/www.captourist.com\/es\/vacaciones-que-merecen-fotos-profesionales\/#primaryimage"},"thumbnailUrl":"https:\/\/www.captourist.com\/wp-content\/uploads\/2019\/04\/Vacations-deserve-Professional-photos.jpg","articleSection":["Vacaciones"],"inLanguage":"es","potentialAction":[{"@type":"CommentAction","name":"Comment","target":["https:\/\/www.captourist.com\/es\/vacaciones-que-merecen-fotos-profesionales\/#respond"]}]},{"@type":"WebPage","@id":"https:\/\/www.captourist.com\/es\/vacaciones-que-merecen-fotos-profesionales\/","url":"https:\/\/www.captourist.com\/es\/vacaciones-que-merecen-fotos-profesionales\/","name":"Vacaciones que Merecen Fotos Profesionales","isPartOf":{"@id":"https:\/\/www.captourist.com\/#website"},"primaryImageOfPage":{"@id":"https:\/\/www.captourist.com\/es\/vacaciones-que-merecen-fotos-profesionales\/#primaryimage"},"image":{"@id":"https:\/\/www.captourist.com\/es\/vacaciones-que-merecen-fotos-profesionales\/#primaryimage"},"thumbnailUrl":"https:\/\/www.captourist.com\/wp-content\/uploads\/2019\/04\/Vacations-deserve-Professional-photos.jpg","datePublished":"2019-04-26T10:19:08+00:00","description":"Las vacaciones son una forma maravillosa para crear memorias. Hay vacaciones especiales que merecen fotograf\u00edas significativas hechas por un profesional.","breadcrumb":{"@id":"https:\/\/www.captourist.com\/es\/vacaciones-que-merecen-fotos-profesionales\/#breadcrumb"},"inLanguage":"es","potentialAction":[{"@type":"ReadAction","target":["https:\/\/www.captourist.com\/es\/vacaciones-que-merecen-fotos-profesionales\/"]}]},{"@type":"ImageObject","inLanguage":"es","@id":"https:\/\/www.captourist.com\/es\/vacaciones-que-merecen-fotos-profesionales\/#primaryimage","url":"https:\/\/www.captourist.com\/wp-content\/uploads\/2019\/04\/Vacations-deserve-Professional-photos.jpg","contentUrl":"https:\/\/www.captourist.com\/wp-content\/uploads\/2019\/04\/Vacations-deserve-Professional-photos.jpg","width":1600,"height":578},{"@type":"BreadcrumbList","@id":"https:\/\/www.captourist.com\/es\/vacaciones-que-merecen-fotos-profesionales\/#breadcrumb","itemListElement":[{"@type":"ListItem","position":1,"name":"Home","item":"https:\/\/www.captourist.com\/es\/"},{"@type":"ListItem","position":2,"name":"Vacaciones que Merecen Fotos Profesionales"}]},{"@type":"WebSite","@id":"https:\/\/www.captourist.com\/#website","url":"https:\/\/www.captourist.com\/","name":"Captourist","description":"Book a professional photographer in Europe","publisher":{"@id":"https:\/\/www.captourist.com\/#organization"},"potentialAction":[{"@type":"SearchAction","target":{"@type":"EntryPoint","urlTemplate":"https:\/\/www.captourist.com\/?s={search_term_string}"},"query-input":{"@type":"PropertyValueSpecification","valueRequired":true,"valueName":"search_term_string"}}],"inLanguage":"es"},{"@type":"Organization","@id":"https:\/\/www.captourist.com\/#organization","name":"Captourist","url":"https:\/\/www.captourist.com\/","logo":{"@type":"ImageObject","inLanguage":"es","@id":"https:\/\/www.captourist.com\/#\/schema\/logo\/image\/","url":"https:\/\/www.captourist.com\/wp-content\/uploads\/2016\/04\/cropped-LOGOsite.png","contentUrl":"https:\/\/www.captourist.com\/wp-content\/uploads\/2016\/04\/cropped-LOGOsite.png","width":512,"height":512,"caption":"Captourist"},"image":{"@id":"https:\/\/www.captourist.com\/#\/schema\/logo\/image\/"},"sameAs":["https:\/\/www.facebook.com\/captourist\/","https:\/\/x.com\/captourist","https:\/\/www.instagram.com\/hola.captourist\/"]},{"@type":"Person","@id":"https:\/\/www.captourist.com\/#\/schema\/person\/fb101c2cbb1f74af454cc769eae4b29f","name":"Fernanda","image":{"@type":"ImageObject","inLanguage":"es","@id":"https:\/\/www.captourist.com\/#\/schema\/person\/image\/","url":"https:\/\/secure.gravatar.com\/avatar\/45941af03c43abca8db0d3426f89d54c?s=96&d=mm&r=g","contentUrl":"https:\/\/secure.gravatar.com\/avatar\/45941af03c43abca8db0d3426f89d54c?s=96&d=mm&r=g","caption":"Fernanda"},"description":"Fernanda Retes is the Creative Content Creator of our Captourist Team. A writer by day and a reader at night.","sameAs":["@fernanda.retes"],"url":"https:\/\/www.captourist.com\/es\/author\/fernanda\/"}]}},"_links":{"self":[{"href":"https:\/\/www.captourist.com\/es\/wp-json\/wp\/v2\/posts\/9811"}],"collection":[{"href":"https:\/\/www.captourist.com\/es\/wp-json\/wp\/v2\/posts"}],"about":[{"href":"https:\/\/www.captourist.com\/es\/wp-json\/wp\/v2\/types\/post"}],"author":[{"embeddable":true,"href":"https:\/\/www.captourist.com\/es\/wp-json\/wp\/v2\/users\/3"}],"replies":[{"embeddable":true,"href":"https:\/\/www.captourist.com\/es\/wp-json\/wp\/v2\/comments?post=9811"}],"version-history":[{"count":3,"href":"https:\/\/www.captourist.com\/es\/wp-json\/wp\/v2\/posts\/9811\/revisions"}],"predecessor-version":[{"id":9816,"href":"https:\/\/www.captourist.com\/es\/wp-json\/wp\/v2\/posts\/9811\/revisions\/9816"}],"wp:featuredmedia":[{"embeddable":true,"href":"https:\/\/www.captourist.com\/es\/wp-json\/wp\/v2\/media\/9809"}],"wp:attachment":[{"href":"https:\/\/www.captourist.com\/es\/wp-json\/wp\/v2\/media?parent=9811"}],"wp:term":[{"taxonomy":"category","embeddable":true,"href":"https:\/\/www.captourist.com\/es\/wp-json\/wp\/v2\/categories?post=9811"},{"taxonomy":"post_tag","embeddable":true,"href":"https:\/\/www.captourist.com\/es\/wp-json\/wp\/v2\/tags?post=9811"}],"curies":[{"name":"wp","href":"https:\/\/api.w.org\/{rel}","templated":true}]}}