{"id":13546,"date":"2024-05-15T21:35:02","date_gmt":"2024-05-15T19:35:02","guid":{"rendered":"https:\/\/www.captourist.com\/?p=13546"},"modified":"2024-05-15T21:50:19","modified_gmt":"2024-05-15T19:50:19","slug":"que-empacar-para-paris-en-verano","status":"publish","type":"post","link":"https:\/\/www.captourist.com\/es\/que-empacar-para-paris-en-verano\/","title":{"rendered":"\u00bfQU\u00c9 EMPACAR PARA PAR\u00cdS EN VERANO?"},"content":{"rendered":"<p>Par\u00eds es encantadora en cualquier fecha del a\u00f1o, pero el verano en Par\u00eds es la temporada ideal para visitar la ciudad. Muchos parisinos salen de vacaciones y, por lo general, la ciudad est\u00e1 menos saturada y m\u00e1s relajada. Las temperaturas son templadas, as\u00ed que puedes aprovechar al m\u00e1ximo los parques, las terrazas y los espacios al aire libre, la alegr\u00eda de vivir se esparce junto con el sol en la ciudad de la luz. Adem\u00e1s, se organizan muchos eventos y fiestas entre junio y septiembre.&nbsp;<\/p><p>El comienzo de los meses de verano en Par\u00eds puede ser m\u00e1s fresco, y los d\u00edas son mas c\u00e1lidos a finales de junio y principios de julio. Es una muy buena ida empacar capas de ropa al planificar tu visita a Par\u00eds en verano, ya que el clima puede ser una moneda al aire.&nbsp;<\/p><h2 class=\"wp-block-heading\">\u00bfQU\u00c9 EMPACAR PARA PAR\u00cdS EN VERANO?<\/h2><p>Puedes utilizar nuestra lista de equipaje para Par\u00eds y sugerencias que te ayuden a empacar tu maleta para Par\u00eds en verano. Te recomiendo mezclar y combinar el estilo parisino con el tuyo para hacerlo \u00fanico. Sabemos que existe el famoso estereotipo de \u201cchica francesa look\u201d, el cual est\u00e1 en constante evoluci\u00f3n, y estoy segura que te dar\u00e1s cuenta mientras exploras la ciudad.&nbsp;<\/p><div class=\"wp-block-image\"><figure class=\"alignright size-large is-resized\"><a href=\"https:\/\/www.captourist.com\/wp-content\/uploads\/2024\/05\/WHAT-TO-WEAR-IN-PARIS-2.jpg\"><img loading=\"lazy\" decoding=\"async\" width=\"827\" height=\"1024\" src=\"https:\/\/www.captourist.com\/wp-content\/uploads\/2024\/05\/WHAT-TO-WEAR-IN-PARIS-2-827x1024.jpg\" alt=\"\" class=\"wp-image-13530\" style=\"width:273px;height:auto\" srcset=\"https:\/\/www.captourist.com\/wp-content\/uploads\/2024\/05\/WHAT-TO-WEAR-IN-PARIS-2-827x1024.jpg 827w, https:\/\/www.captourist.com\/wp-content\/uploads\/2024\/05\/WHAT-TO-WEAR-IN-PARIS-2-242x300.jpg 242w, https:\/\/www.captourist.com\/wp-content\/uploads\/2024\/05\/WHAT-TO-WEAR-IN-PARIS-2-768x951.jpg 768w, https:\/\/www.captourist.com\/wp-content\/uploads\/2024\/05\/WHAT-TO-WEAR-IN-PARIS-2-600x743.jpg 600w, https:\/\/www.captourist.com\/wp-content\/uploads\/2024\/05\/WHAT-TO-WEAR-IN-PARIS-2.jpg 1125w\" sizes=\"(max-width: 827px) 100vw, 827px\" \/><\/a><\/figure><\/div><h2 class=\"wp-block-heading\">Clima de Par\u00eds en el verano<\/h2><p>La primer recomendaci\u00f3n que te voy a dar es que revises la aplicaci\u00f3n del clima antes de viajar y hagas las modificaciones necesarias en tu armario. Prep\u00e1rate para una amplia variedad de temperaturas cuando viajes en verano. Las olas de calor son muy comunes, y no todos los establecimientos cuentan con aire acondicionado. Te aconsejo que verifiques con el alojamiento al que llegar\u00e1s para asegurarte que tienen aire acondicionado o ventiladores para mantenerte fresco en las noches.&nbsp;<\/p><p>El pronostico de la lluvia puede cambiar diariamente en Paris. Anticipa al menos un d\u00eda de lluvia durante tu viaje, te recomiendo llevar una gabardina, chubasquero o paraguas para los d\u00edas de lluvia. Si tienes suerte, puede que no tengas ning\u00fan d\u00eda con lluvia, pero lo mejor es estar preparado.&nbsp;<\/p><h2 class=\"wp-block-heading\">Horas de luz en Par\u00eds&nbsp;<\/h2><p>Si vienes desde M\u00e9xico, es posible que no esperes una puesta de sol tan tard\u00eda. En junio, el amanecer es alrededor de las 5:45 am y el atardecer es aproximadamente a las 9:45 pm. Tendr\u00e1s 16 horas de luz solar en Par\u00eds, \u00a1los d\u00edas son muy largos! Esto es maravilloso para aprovechar la ciudad al m\u00e1ximo. Prep\u00e1rate para los d\u00edas calurosos y soleados, as\u00ed que no olvides llevar tu sombrero para el sol, un protector solar y una botella de agua para rellenar.&nbsp;<\/p><h2 class=\"wp-block-heading\">Zapatos c\u00f3modos para Par\u00eds en verano<\/h2><p>Llevar zapatos c\u00f3modos para Par\u00eds no es un negociable. Seguramente est\u00e1s pensando en qu\u00e9 zapatillas llevar en tu maleta para los d\u00edas largos en los que explorar\u00e1s la ciudad. Los <a href=\"https:\/\/www.veja-store.com\/es_es\/c\/mujer\">Veja<\/a> son las zapatillas que est\u00e1n en tendencia entre las mujeres francesas en este momento. Puedes comprarlos en Par\u00eds en los principales almacenes de la ciudad o en las tiendas Veja, adem\u00e1s te llevaras un gran souvenir de tu viaje: combinan con todo y est\u00e1n muy lindos.&nbsp;<\/p><p>Otro par de zapatillas favoritas son las de <a href=\"https:\/\/www.madewell.com\/womens\/shoes\/sneakers?prefn1=3rdPartyBrand&amp;prefv1=MADEWELL&amp;intcmp=%27reebok_visual-nav_MADEWELL\">Madewell.<\/a> Tienes que amoldarlos un poco antes de tu viaje, pero una vez que lo hagas, se moldearan a tus pies y te encantar\u00e1n.&nbsp;<\/p><p>Te aconsejo que te prepares para largas caminatas en Par\u00eds, y tener mas de un par de zapatos para que estes cambi\u00e1ndolos, y as\u00ed puedas mantener tus pies c\u00f3modos. Te aseguro que la mejor manera de conocer Par\u00eds es a pie, aunque el metro o el autob\u00fas son una gran opci\u00f3n para cruzar la ciudad de forma r\u00e1pida y sencilla si no quieres caminar.&nbsp;<\/p><p>Si empacas un par de tacones, te recomiendo que sean de alpargata o los famosos \u201ckitten heels\u201d que ahora est\u00e1n en tendencia. Par\u00eds est\u00e1 llena de calles empedradas, as\u00ed que como consejo mantente alejada de los tacones de aguja a menos que te subas a un taxi directamente a cenar.&nbsp;<\/p><div class=\"wp-block-image\"><figure class=\"alignleft size-large is-resized\"><a href=\"https:\/\/www.captourist.com\/wp-content\/uploads\/2024\/05\/WHAT-TO-WEAR-IN-SUMMER.jpg\"><img loading=\"lazy\" decoding=\"async\" width=\"728\" height=\"1024\" src=\"https:\/\/www.captourist.com\/wp-content\/uploads\/2024\/05\/WHAT-TO-WEAR-IN-SUMMER-728x1024.jpg\" alt=\"\" class=\"wp-image-13526\" style=\"width:247px;height:auto\" srcset=\"https:\/\/www.captourist.com\/wp-content\/uploads\/2024\/05\/WHAT-TO-WEAR-IN-SUMMER-728x1024.jpg 728w, https:\/\/www.captourist.com\/wp-content\/uploads\/2024\/05\/WHAT-TO-WEAR-IN-SUMMER-213x300.jpg 213w, https:\/\/www.captourist.com\/wp-content\/uploads\/2024\/05\/WHAT-TO-WEAR-IN-SUMMER-768x1080.jpg 768w, https:\/\/www.captourist.com\/wp-content\/uploads\/2024\/05\/WHAT-TO-WEAR-IN-SUMMER-600x843.jpg 600w, https:\/\/www.captourist.com\/wp-content\/uploads\/2024\/05\/WHAT-TO-WEAR-IN-SUMMER.jpg 912w\" sizes=\"(max-width: 728px) 100vw, 728px\" \/><\/a><\/figure><\/div><h2 class=\"wp-block-heading\">Lleva un armario c\u00e1psula neutro&nbsp;<\/h2><p>Los cl\u00e1sicos atemporales siempre son una buena idea cuando haces las maletas para Par\u00eds. Los estilos parisinos que est\u00e1n de moda incluyen faldas midi, bolsos cruzados, zapatos Birkenstock y pantalones anchos. As\u00ed es, tambi\u00e9n los skinny jeans ya no est\u00e1n de moda en Par\u00eds. Por supuesto, que puedes llevarlos, pero no te sorprendas si ves pantalones anchos de cintura alta. Te recomiendo que lleves un armario c\u00e1psula neutro, el cual consta de camisetas b\u00e1sicas, un vestido negro, un buen par de jeans, flats, y zapatillas deportivas. Puedes mezclar y combinar estos elementos para armar muchos outfits en Paris, e incluso empacarlos todos en tu equipaje de mano.&nbsp;<\/p><p>Te recomiendo que lleves un par de shorts que no sean tan cortos, los mom shorts pueden ser una gran opci\u00f3n. Adem\u00e1s, empaca un su\u00e9ter para los d\u00edas mas fr\u00edos o una chaqueta ligera, puede ser de mezclilla que combina perfecto con vestidos, o si estas planeando viajar entre mayo o junio, puedes llevar una chaqueta de cuero.&nbsp;<\/p><p>Una bufanda es un accesorio parisino perfecto, e incluso en el verano, veras a mujeres francesas usando una bufanda ligera como accesorio, \u00a1se ven incre\u00edbles! Adem\u00e1s, siempre puedes atarla a tu bolsa para darle un toque de color.&nbsp;<\/p><p><\/p><h2 class=\"wp-block-heading\">Ir a Par\u00eds sin parecer un turista: claves para pasar desapercibido&nbsp;<\/h2><p>Deja la ropa de gimnasio en casa, incluyendo tus Licas Lululemon favoritas, gu\u00e1rdalas para el vuelo de regreso. Las marcas ostentosas, los colores muy brillantes y las zapatillas de gimnasio ser\u00e1n una se\u00f1al segura de que eres un turista. Opta por un look sin mucho esfuerzo y utiliza colores neutros.&nbsp;<\/p><h2 class=\"wp-block-heading\">Accesorios de viaje para Par\u00eds<\/h2><p>Si es que est\u00e1s pensando en llevar uno, te aconsejo que sea un adaptador de viaje para cargar tu tel\u00e9fono, computadora o c\u00e1mara. Ideal para traerlo en tu mochila o bolsa para cualquier emergencia.&nbsp;<\/p><p>Ahora si, ya tienes una idea y los mejores tips para empacar tu maleta de viaje a Par\u00eds en verano. \u00a1Que vivan los viajes especiales para celebrar la vida!<\/p><p>Si ya est\u00e1s planeando tu viaje y necesitas ayuda, no dudes en contactarme a trav\u00e9s de WhatsApp o envi\u00e1ndonos un mensajito a <a href=\"https:\/\/www.captourist.com\/es\/\">hola@captourist.com<\/a>&nbsp;. <\/p><div style=\"height:34px\" aria-hidden=\"true\" class=\"wp-block-spacer\"><\/div><p>Las fotos y los videos nos ayudan a revivir experiencias \u00fanicas. As\u00ed que si tienes un viaje especial de luna de miel, de aniversario, un viaje con tu mam\u00e1, cualquier momento de vida\u2026&nbsp; no dudes en contactarnos por \u2705 <a href=\"https:\/\/wa.me\/message\/6T5DBZRYLEZOH1\">WhatsApp<\/a> o envi\u00e1ndonos un mensajito&nbsp; a <a href=\"mailto:hola@captourist.com\">hola@captourist.com<\/a><\/p><div style=\"height:34px\" aria-hidden=\"true\" class=\"wp-block-spacer\"><\/div><p>\ud83d\udc8c SHARING IS CARING \ud83d\udc47\ud83c\udffc<\/p><figure class=\"wp-block-image size-full is-resized\"><a href=\"https:\/\/www.captourist.com\/wp-content\/uploads\/2024\/03\/valelogoparis.jpg\"><img loading=\"lazy\" decoding=\"async\" width=\"937\" height=\"893\" src=\"https:\/\/www.captourist.com\/wp-content\/uploads\/2024\/03\/valelogoparis.jpg\" alt=\"\" class=\"wp-image-13479\" style=\"width:143px;height:auto\" srcset=\"https:\/\/www.captourist.com\/wp-content\/uploads\/2024\/03\/valelogoparis.jpg 937w, https:\/\/www.captourist.com\/wp-content\/uploads\/2024\/03\/valelogoparis-300x286.jpg 300w, https:\/\/www.captourist.com\/wp-content\/uploads\/2024\/03\/valelogoparis-768x732.jpg 768w, https:\/\/www.captourist.com\/wp-content\/uploads\/2024\/03\/valelogoparis-600x572.jpg 600w\" sizes=\"(max-width: 937px) 100vw, 937px\" \/><\/a><\/figure><ul class=\"wp-block-social-links is-layout-flex wp-block-social-links-is-layout-flex\"><li class=\"wp-social-link wp-social-link-instagram  wp-block-social-link\"><a href=\"https:\/\/www.instagram.com\/fernanda.retes?igsh=a3ZhZXR3dDJ6bWx3&#038;utm_source=qr\" class=\"wp-block-social-link-anchor\"><svg width=\"24\" height=\"24\" viewBox=\"0 0 24 24\" version=\"1.1\" xmlns=\"http:\/\/www.w3.org\/2000\/svg\" aria-hidden=\"true\" focusable=\"false\"><path d=\"M12,4.622c2.403,0,2.688,0.009,3.637,0.052c0.877,0.04,1.354,0.187,1.671,0.31c0.42,0.163,0.72,0.358,1.035,0.673 c0.315,0.315,0.51,0.615,0.673,1.035c0.123,0.317,0.27,0.794,0.31,1.671c0.043,0.949,0.052,1.234,0.052,3.637 s-0.009,2.688-0.052,3.637c-0.04,0.877-0.187,1.354-0.31,1.671c-0.163,0.42-0.358,0.72-0.673,1.035 c-0.315,0.315-0.615,0.51-1.035,0.673c-0.317,0.123-0.794,0.27-1.671,0.31c-0.949,0.043-1.233,0.052-3.637,0.052 s-2.688-0.009-3.637-0.052c-0.877-0.04-1.354-0.187-1.671-0.31c-0.42-0.163-0.72-0.358-1.035-0.673 c-0.315-0.315-0.51-0.615-0.673-1.035c-0.123-0.317-0.27-0.794-0.31-1.671C4.631,14.688,4.622,14.403,4.622,12 s0.009-2.688,0.052-3.637c0.04-0.877,0.187-1.354,0.31-1.671c0.163-0.42,0.358-0.72,0.673-1.035 c0.315-0.315,0.615-0.51,1.035-0.673c0.317-0.123,0.794-0.27,1.671-0.31C9.312,4.631,9.597,4.622,12,4.622 M12,3 C9.556,3,9.249,3.01,8.289,3.054C7.331,3.098,6.677,3.25,6.105,3.472C5.513,3.702,5.011,4.01,4.511,4.511 c-0.5,0.5-0.808,1.002-1.038,1.594C3.25,6.677,3.098,7.331,3.054,8.289C3.01,9.249,3,9.556,3,12c0,2.444,0.01,2.751,0.054,3.711 c0.044,0.958,0.196,1.612,0.418,2.185c0.23,0.592,0.538,1.094,1.038,1.594c0.5,0.5,1.002,0.808,1.594,1.038 c0.572,0.222,1.227,0.375,2.185,0.418C9.249,20.99,9.556,21,12,21s2.751-0.01,3.711-0.054c0.958-0.044,1.612-0.196,2.185-0.418 c0.592-0.23,1.094-0.538,1.594-1.038c0.5-0.5,0.808-1.002,1.038-1.594c0.222-0.572,0.375-1.227,0.418-2.185 C20.99,14.751,21,14.444,21,12s-0.01-2.751-0.054-3.711c-0.044-0.958-0.196-1.612-0.418-2.185c-0.23-0.592-0.538-1.094-1.038-1.594 c-0.5-0.5-1.002-0.808-1.594-1.038c-0.572-0.222-1.227-0.375-2.185-0.418C14.751,3.01,14.444,3,12,3L12,3z M12,7.378 c-2.552,0-4.622,2.069-4.622,4.622S9.448,16.622,12,16.622s4.622-2.069,4.622-4.622S14.552,7.378,12,7.378z M12,15 c-1.657,0-3-1.343-3-3s1.343-3,3-3s3,1.343,3,3S13.657,15,12,15z M16.804,6.116c-0.596,0-1.08,0.484-1.08,1.08 s0.484,1.08,1.08,1.08c0.596,0,1.08-0.484,1.08-1.08S17.401,6.116,16.804,6.116z\"><\/path><\/svg><span class=\"wp-block-social-link-label screen-reader-text\">Instagram<\/span><\/a><\/li>\n\n<li class=\"wp-social-link wp-social-link-facebook  wp-block-social-link\"><a href=\"https:\/\/www.facebook.com\/hola.captourist\" class=\"wp-block-social-link-anchor\"><svg width=\"24\" height=\"24\" viewBox=\"0 0 24 24\" version=\"1.1\" xmlns=\"http:\/\/www.w3.org\/2000\/svg\" aria-hidden=\"true\" focusable=\"false\"><path d=\"M12 2C6.5 2 2 6.5 2 12c0 5 3.7 9.1 8.4 9.9v-7H7.9V12h2.5V9.8c0-2.5 1.5-3.9 3.8-3.9 1.1 0 2.2.2 2.2.2v2.5h-1.3c-1.2 0-1.6.8-1.6 1.6V12h2.8l-.4 2.9h-2.3v7C18.3 21.1 22 17 22 12c0-5.5-4.5-10-10-10z\"><\/path><\/svg><span class=\"wp-block-social-link-label screen-reader-text\">Facebook<\/span><\/a><\/li>\n\n<li class=\"wp-social-link wp-social-link-pinterest  wp-block-social-link\"><a href=\"https:\/\/pin.it\/4atp515xI\" class=\"wp-block-social-link-anchor\"><svg width=\"24\" height=\"24\" viewBox=\"0 0 24 24\" version=\"1.1\" xmlns=\"http:\/\/www.w3.org\/2000\/svg\" aria-hidden=\"true\" focusable=\"false\"><path d=\"M12.289,2C6.617,2,3.606,5.648,3.606,9.622c0,1.846,1.025,4.146,2.666,4.878c0.25,0.111,0.381,0.063,0.439-0.169 c0.044-0.175,0.267-1.029,0.365-1.428c0.032-0.128,0.017-0.237-0.091-0.362C6.445,11.911,6.01,10.75,6.01,9.668 c0-2.777,2.194-5.464,5.933-5.464c3.23,0,5.49,2.108,5.49,5.122c0,3.407-1.794,5.768-4.13,5.768c-1.291,0-2.257-1.021-1.948-2.277 c0.372-1.495,1.089-3.112,1.089-4.191c0-0.967-0.542-1.775-1.663-1.775c-1.319,0-2.379,1.309-2.379,3.059 c0,1.115,0.394,1.869,0.394,1.869s-1.302,5.279-1.54,6.261c-0.405,1.666,0.053,4.368,0.094,4.604 c0.021,0.126,0.167,0.169,0.25,0.063c0.129-0.165,1.699-2.419,2.142-4.051c0.158-0.59,0.817-2.995,0.817-2.995 c0.43,0.784,1.681,1.446,3.013,1.446c3.963,0,6.822-3.494,6.822-7.833C20.394,5.112,16.849,2,12.289,2\"><\/path><\/svg><span class=\"wp-block-social-link-label screen-reader-text\">Pinterest<\/span><\/a><\/li>\n\n<li class=\"wp-social-link wp-social-link-tiktok  wp-block-social-link\"><a href=\"https:\/\/www.tiktok.com\/@hola.captourist?_t=8jut3afnB0j&#038;_r=1\" class=\"wp-block-social-link-anchor\"><svg width=\"24\" height=\"24\" viewBox=\"0 0 32 32\" version=\"1.1\" xmlns=\"http:\/\/www.w3.org\/2000\/svg\" aria-hidden=\"true\" focusable=\"false\"><path d=\"M16.708 0.027c1.745-0.027 3.48-0.011 5.213-0.027 0.105 2.041 0.839 4.12 2.333 5.563 1.491 1.479 3.6 2.156 5.652 2.385v5.369c-1.923-0.063-3.855-0.463-5.6-1.291-0.76-0.344-1.468-0.787-2.161-1.24-0.009 3.896 0.016 7.787-0.025 11.667-0.104 1.864-0.719 3.719-1.803 5.255-1.744 2.557-4.771 4.224-7.88 4.276-1.907 0.109-3.812-0.411-5.437-1.369-2.693-1.588-4.588-4.495-4.864-7.615-0.032-0.667-0.043-1.333-0.016-1.984 0.24-2.537 1.495-4.964 3.443-6.615 2.208-1.923 5.301-2.839 8.197-2.297 0.027 1.975-0.052 3.948-0.052 5.923-1.323-0.428-2.869-0.308-4.025 0.495-0.844 0.547-1.485 1.385-1.819 2.333-0.276 0.676-0.197 1.427-0.181 2.145 0.317 2.188 2.421 4.027 4.667 3.828 1.489-0.016 2.916-0.88 3.692-2.145 0.251-0.443 0.532-0.896 0.547-1.417 0.131-2.385 0.079-4.76 0.095-7.145 0.011-5.375-0.016-10.735 0.025-16.093z\" \/><\/svg><span class=\"wp-block-social-link-label screen-reader-text\">TikTok<\/span><\/a><\/li><\/ul>","protected":false},"excerpt":{"rendered":"<p>Par\u00eds es encantadora en cualquier fecha del a\u00f1o, pero el verano en Par\u00eds es la temporada ideal para visitar la ciudad. Muchos parisinos salen de vacaciones y, por lo general, la ciudad est\u00e1 menos saturada y m\u00e1s relajada. Las temperaturas son templadas, as\u00ed que puedes [&hellip;]<\/p>\n","protected":false},"author":1,"featured_media":13540,"comment_status":"closed","ping_status":"open","sticky":false,"template":"","format":"standard","meta":{"footnotes":""},"categories":[226],"tags":[],"class_list":["post-13546","post","type-post","status-publish","format-standard","has-post-thumbnail","hentry","category-vacaciones"],"yoast_head":"<!-- This site is optimized with the Yoast SEO plugin v25.2 - https:\/\/yoast.com\/wordpress\/plugins\/seo\/ -->\n<title>\u00bfQU\u00c9 EMPACAR PARA PAR\u00cdS EN VERANO? - Captourist<\/title>\n<meta name=\"description\" content=\"Empacar capas de ropa al planificar tu visita a Par\u00eds en verano es una gran idea, ya que el clima puede ser una moneda al aire.\" \/>\n<meta name=\"robots\" content=\"index, follow, max-snippet:-1, max-image-preview:large, max-video-preview:-1\" \/>\n<link rel=\"canonical\" href=\"https:\/\/www.captourist.com\/es\/que-empacar-para-paris-en-verano\/\" \/>\n<meta property=\"og:locale\" content=\"es_ES\" \/>\n<meta property=\"og:type\" content=\"article\" \/>\n<meta property=\"og:title\" content=\"\u00bfQU\u00c9 EMPACAR PARA PAR\u00cdS EN VERANO? - Captourist\" \/>\n<meta property=\"og:description\" content=\"Empacar capas de ropa al planificar tu visita a Par\u00eds en verano es una gran idea, ya que el clima puede ser una moneda al aire.\" \/>\n<meta property=\"og:url\" content=\"https:\/\/www.captourist.com\/es\/que-empacar-para-paris-en-verano\/\" \/>\n<meta property=\"og:site_name\" content=\"Captourist\" \/>\n<meta property=\"article:publisher\" content=\"https:\/\/www.facebook.com\/captourist\/\" \/>\n<meta property=\"article:published_time\" content=\"2024-05-15T19:35:02+00:00\" \/>\n<meta property=\"article:modified_time\" content=\"2024-05-15T19:50:19+00:00\" \/>\n<meta property=\"og:image\" content=\"https:\/\/www.captourist.com\/wp-content\/uploads\/2024\/05\/Screenshot-2024-05-15-at-13.11.33.png\" \/>\n\t<meta property=\"og:image:width\" content=\"1190\" \/>\n\t<meta property=\"og:image:height\" content=\"560\" \/>\n\t<meta property=\"og:image:type\" content=\"image\/png\" \/>\n<meta name=\"author\" content=\"Captourer\" \/>\n<meta name=\"twitter:card\" content=\"summary_large_image\" \/>\n<meta name=\"twitter:creator\" content=\"@captourist\" \/>\n<meta name=\"twitter:site\" content=\"@captourist\" \/>\n<meta name=\"twitter:label1\" content=\"Escrito por\" \/>\n\t<meta name=\"twitter:data1\" content=\"Captourer\" \/>\n\t<meta name=\"twitter:label2\" content=\"Tiempo de lectura\" \/>\n\t<meta name=\"twitter:data2\" content=\"6 minutos\" \/>\n<script type=\"application\/ld+json\" class=\"yoast-schema-graph\">{\"@context\":\"https:\/\/schema.org\",\"@graph\":[{\"@type\":\"Article\",\"@id\":\"https:\/\/www.captourist.com\/es\/que-empacar-para-paris-en-verano\/#article\",\"isPartOf\":{\"@id\":\"https:\/\/www.captourist.com\/es\/que-empacar-para-paris-en-verano\/\"},\"author\":{\"name\":\"Captourer\",\"@id\":\"https:\/\/www.captourist.com\/#\/schema\/person\/0788135a7977fca38a55edd45fd087a4\"},\"headline\":\"\u00bfQU\u00c9 EMPACAR PARA PAR\u00cdS EN VERANO?\",\"datePublished\":\"2024-05-15T19:35:02+00:00\",\"dateModified\":\"2024-05-15T19:50:19+00:00\",\"mainEntityOfPage\":{\"@id\":\"https:\/\/www.captourist.com\/es\/que-empacar-para-paris-en-verano\/\"},\"wordCount\":1179,\"publisher\":{\"@id\":\"https:\/\/www.captourist.com\/#organization\"},\"image\":{\"@id\":\"https:\/\/www.captourist.com\/es\/que-empacar-para-paris-en-verano\/#primaryimage\"},\"thumbnailUrl\":\"https:\/\/www.captourist.com\/wp-content\/uploads\/2024\/05\/Screenshot-2024-05-15-at-13.11.33.png\",\"articleSection\":[\"Vacaciones\"],\"inLanguage\":\"es\"},{\"@type\":\"WebPage\",\"@id\":\"https:\/\/www.captourist.com\/es\/que-empacar-para-paris-en-verano\/\",\"url\":\"https:\/\/www.captourist.com\/es\/que-empacar-para-paris-en-verano\/\",\"name\":\"\u00bfQU\u00c9 EMPACAR PARA PAR\u00cdS EN VERANO? - Captourist\",\"isPartOf\":{\"@id\":\"https:\/\/www.captourist.com\/#website\"},\"primaryImageOfPage\":{\"@id\":\"https:\/\/www.captourist.com\/es\/que-empacar-para-paris-en-verano\/#primaryimage\"},\"image\":{\"@id\":\"https:\/\/www.captourist.com\/es\/que-empacar-para-paris-en-verano\/#primaryimage\"},\"thumbnailUrl\":\"https:\/\/www.captourist.com\/wp-content\/uploads\/2024\/05\/Screenshot-2024-05-15-at-13.11.33.png\",\"datePublished\":\"2024-05-15T19:35:02+00:00\",\"dateModified\":\"2024-05-15T19:50:19+00:00\",\"description\":\"Empacar capas de ropa al planificar tu visita a Par\u00eds en verano es una gran idea, ya que el clima puede ser una moneda al aire.\",\"breadcrumb\":{\"@id\":\"https:\/\/www.captourist.com\/es\/que-empacar-para-paris-en-verano\/#breadcrumb\"},\"inLanguage\":\"es\",\"potentialAction\":[{\"@type\":\"ReadAction\",\"target\":[\"https:\/\/www.captourist.com\/es\/que-empacar-para-paris-en-verano\/\"]}]},{\"@type\":\"ImageObject\",\"inLanguage\":\"es\",\"@id\":\"https:\/\/www.captourist.com\/es\/que-empacar-para-paris-en-verano\/#primaryimage\",\"url\":\"https:\/\/www.captourist.com\/wp-content\/uploads\/2024\/05\/Screenshot-2024-05-15-at-13.11.33.png\",\"contentUrl\":\"https:\/\/www.captourist.com\/wp-content\/uploads\/2024\/05\/Screenshot-2024-05-15-at-13.11.33.png\",\"width\":1190,\"height\":560},{\"@type\":\"BreadcrumbList\",\"@id\":\"https:\/\/www.captourist.com\/es\/que-empacar-para-paris-en-verano\/#breadcrumb\",\"itemListElement\":[{\"@type\":\"ListItem\",\"position\":1,\"name\":\"Home\",\"item\":\"https:\/\/www.captourist.com\/es\/\"},{\"@type\":\"ListItem\",\"position\":2,\"name\":\"\u00bfQU\u00c9 EMPACAR PARA PAR\u00cdS EN VERANO?\"}]},{\"@type\":\"WebSite\",\"@id\":\"https:\/\/www.captourist.com\/#website\",\"url\":\"https:\/\/www.captourist.com\/\",\"name\":\"Captourist\",\"description\":\"Book a professional photographer in Europe\",\"publisher\":{\"@id\":\"https:\/\/www.captourist.com\/#organization\"},\"potentialAction\":[{\"@type\":\"SearchAction\",\"target\":{\"@type\":\"EntryPoint\",\"urlTemplate\":\"https:\/\/www.captourist.com\/?s={search_term_string}\"},\"query-input\":{\"@type\":\"PropertyValueSpecification\",\"valueRequired\":true,\"valueName\":\"search_term_string\"}}],\"inLanguage\":\"es\"},{\"@type\":\"Organization\",\"@id\":\"https:\/\/www.captourist.com\/#organization\",\"name\":\"Captourist\",\"url\":\"https:\/\/www.captourist.com\/\",\"logo\":{\"@type\":\"ImageObject\",\"inLanguage\":\"es\",\"@id\":\"https:\/\/www.captourist.com\/#\/schema\/logo\/image\/\",\"url\":\"https:\/\/www.captourist.com\/wp-content\/uploads\/2016\/04\/cropped-LOGOsite.png\",\"contentUrl\":\"https:\/\/www.captourist.com\/wp-content\/uploads\/2016\/04\/cropped-LOGOsite.png\",\"width\":512,\"height\":512,\"caption\":\"Captourist\"},\"image\":{\"@id\":\"https:\/\/www.captourist.com\/#\/schema\/logo\/image\/\"},\"sameAs\":[\"https:\/\/www.facebook.com\/captourist\/\",\"https:\/\/x.com\/captourist\",\"https:\/\/www.instagram.com\/hola.captourist\/\"]},{\"@type\":\"Person\",\"@id\":\"https:\/\/www.captourist.com\/#\/schema\/person\/0788135a7977fca38a55edd45fd087a4\",\"name\":\"Captourer\",\"image\":{\"@type\":\"ImageObject\",\"inLanguage\":\"es\",\"@id\":\"https:\/\/www.captourist.com\/#\/schema\/person\/image\/\",\"url\":\"https:\/\/secure.gravatar.com\/avatar\/65aaf37856ea989c8ce7265dfa4c4e73?s=96&d=mm&r=g\",\"contentUrl\":\"https:\/\/secure.gravatar.com\/avatar\/65aaf37856ea989c8ce7265dfa4c4e73?s=96&d=mm&r=g\",\"caption\":\"Captourer\"},\"url\":\"https:\/\/www.captourist.com\/es\/author\/admin\/\"}]}<\/script>\n<!-- \/ Yoast SEO plugin. -->","yoast_head_json":{"title":"\u00bfQU\u00c9 EMPACAR PARA PAR\u00cdS EN VERANO? - Captourist","description":"Empacar capas de ropa al planificar tu visita a Par\u00eds en verano es una gran idea, ya que el clima puede ser una moneda al aire.","robots":{"index":"index","follow":"follow","max-snippet":"max-snippet:-1","max-image-preview":"max-image-preview:large","max-video-preview":"max-video-preview:-1"},"canonical":"https:\/\/www.captourist.com\/es\/que-empacar-para-paris-en-verano\/","og_locale":"es_ES","og_type":"article","og_title":"\u00bfQU\u00c9 EMPACAR PARA PAR\u00cdS EN VERANO? - Captourist","og_description":"Empacar capas de ropa al planificar tu visita a Par\u00eds en verano es una gran idea, ya que el clima puede ser una moneda al aire.","og_url":"https:\/\/www.captourist.com\/es\/que-empacar-para-paris-en-verano\/","og_site_name":"Captourist","article_publisher":"https:\/\/www.facebook.com\/captourist\/","article_published_time":"2024-05-15T19:35:02+00:00","article_modified_time":"2024-05-15T19:50:19+00:00","og_image":[{"width":1190,"height":560,"url":"https:\/\/www.captourist.com\/wp-content\/uploads\/2024\/05\/Screenshot-2024-05-15-at-13.11.33.png","type":"image\/png"}],"author":"Captourer","twitter_card":"summary_large_image","twitter_creator":"@captourist","twitter_site":"@captourist","twitter_misc":{"Escrito por":"Captourer","Tiempo de lectura":"6 minutos"},"schema":{"@context":"https:\/\/schema.org","@graph":[{"@type":"Article","@id":"https:\/\/www.captourist.com\/es\/que-empacar-para-paris-en-verano\/#article","isPartOf":{"@id":"https:\/\/www.captourist.com\/es\/que-empacar-para-paris-en-verano\/"},"author":{"name":"Captourer","@id":"https:\/\/www.captourist.com\/#\/schema\/person\/0788135a7977fca38a55edd45fd087a4"},"headline":"\u00bfQU\u00c9 EMPACAR PARA PAR\u00cdS EN VERANO?","datePublished":"2024-05-15T19:35:02+00:00","dateModified":"2024-05-15T19:50:19+00:00","mainEntityOfPage":{"@id":"https:\/\/www.captourist.com\/es\/que-empacar-para-paris-en-verano\/"},"wordCount":1179,"publisher":{"@id":"https:\/\/www.captourist.com\/#organization"},"image":{"@id":"https:\/\/www.captourist.com\/es\/que-empacar-para-paris-en-verano\/#primaryimage"},"thumbnailUrl":"https:\/\/www.captourist.com\/wp-content\/uploads\/2024\/05\/Screenshot-2024-05-15-at-13.11.33.png","articleSection":["Vacaciones"],"inLanguage":"es"},{"@type":"WebPage","@id":"https:\/\/www.captourist.com\/es\/que-empacar-para-paris-en-verano\/","url":"https:\/\/www.captourist.com\/es\/que-empacar-para-paris-en-verano\/","name":"\u00bfQU\u00c9 EMPACAR PARA PAR\u00cdS EN VERANO? - Captourist","isPartOf":{"@id":"https:\/\/www.captourist.com\/#website"},"primaryImageOfPage":{"@id":"https:\/\/www.captourist.com\/es\/que-empacar-para-paris-en-verano\/#primaryimage"},"image":{"@id":"https:\/\/www.captourist.com\/es\/que-empacar-para-paris-en-verano\/#primaryimage"},"thumbnailUrl":"https:\/\/www.captourist.com\/wp-content\/uploads\/2024\/05\/Screenshot-2024-05-15-at-13.11.33.png","datePublished":"2024-05-15T19:35:02+00:00","dateModified":"2024-05-15T19:50:19+00:00","description":"Empacar capas de ropa al planificar tu visita a Par\u00eds en verano es una gran idea, ya que el clima puede ser una moneda al aire.","breadcrumb":{"@id":"https:\/\/www.captourist.com\/es\/que-empacar-para-paris-en-verano\/#breadcrumb"},"inLanguage":"es","potentialAction":[{"@type":"ReadAction","target":["https:\/\/www.captourist.com\/es\/que-empacar-para-paris-en-verano\/"]}]},{"@type":"ImageObject","inLanguage":"es","@id":"https:\/\/www.captourist.com\/es\/que-empacar-para-paris-en-verano\/#primaryimage","url":"https:\/\/www.captourist.com\/wp-content\/uploads\/2024\/05\/Screenshot-2024-05-15-at-13.11.33.png","contentUrl":"https:\/\/www.captourist.com\/wp-content\/uploads\/2024\/05\/Screenshot-2024-05-15-at-13.11.33.png","width":1190,"height":560},{"@type":"BreadcrumbList","@id":"https:\/\/www.captourist.com\/es\/que-empacar-para-paris-en-verano\/#breadcrumb","itemListElement":[{"@type":"ListItem","position":1,"name":"Home","item":"https:\/\/www.captourist.com\/es\/"},{"@type":"ListItem","position":2,"name":"\u00bfQU\u00c9 EMPACAR PARA PAR\u00cdS EN VERANO?"}]},{"@type":"WebSite","@id":"https:\/\/www.captourist.com\/#website","url":"https:\/\/www.captourist.com\/","name":"Captourist","description":"Book a professional photographer in Europe","publisher":{"@id":"https:\/\/www.captourist.com\/#organization"},"potentialAction":[{"@type":"SearchAction","target":{"@type":"EntryPoint","urlTemplate":"https:\/\/www.captourist.com\/?s={search_term_string}"},"query-input":{"@type":"PropertyValueSpecification","valueRequired":true,"valueName":"search_term_string"}}],"inLanguage":"es"},{"@type":"Organization","@id":"https:\/\/www.captourist.com\/#organization","name":"Captourist","url":"https:\/\/www.captourist.com\/","logo":{"@type":"ImageObject","inLanguage":"es","@id":"https:\/\/www.captourist.com\/#\/schema\/logo\/image\/","url":"https:\/\/www.captourist.com\/wp-content\/uploads\/2016\/04\/cropped-LOGOsite.png","contentUrl":"https:\/\/www.captourist.com\/wp-content\/uploads\/2016\/04\/cropped-LOGOsite.png","width":512,"height":512,"caption":"Captourist"},"image":{"@id":"https:\/\/www.captourist.com\/#\/schema\/logo\/image\/"},"sameAs":["https:\/\/www.facebook.com\/captourist\/","https:\/\/x.com\/captourist","https:\/\/www.instagram.com\/hola.captourist\/"]},{"@type":"Person","@id":"https:\/\/www.captourist.com\/#\/schema\/person\/0788135a7977fca38a55edd45fd087a4","name":"Captourer","image":{"@type":"ImageObject","inLanguage":"es","@id":"https:\/\/www.captourist.com\/#\/schema\/person\/image\/","url":"https:\/\/secure.gravatar.com\/avatar\/65aaf37856ea989c8ce7265dfa4c4e73?s=96&d=mm&r=g","contentUrl":"https:\/\/secure.gravatar.com\/avatar\/65aaf37856ea989c8ce7265dfa4c4e73?s=96&d=mm&r=g","caption":"Captourer"},"url":"https:\/\/www.captourist.com\/es\/author\/admin\/"}]}},"_links":{"self":[{"href":"https:\/\/www.captourist.com\/es\/wp-json\/wp\/v2\/posts\/13546"}],"collection":[{"href":"https:\/\/www.captourist.com\/es\/wp-json\/wp\/v2\/posts"}],"about":[{"href":"https:\/\/www.captourist.com\/es\/wp-json\/wp\/v2\/types\/post"}],"author":[{"embeddable":true,"href":"https:\/\/www.captourist.com\/es\/wp-json\/wp\/v2\/users\/1"}],"replies":[{"embeddable":true,"href":"https:\/\/www.captourist.com\/es\/wp-json\/wp\/v2\/comments?post=13546"}],"version-history":[{"count":2,"href":"https:\/\/www.captourist.com\/es\/wp-json\/wp\/v2\/posts\/13546\/revisions"}],"predecessor-version":[{"id":13549,"href":"https:\/\/www.captourist.com\/es\/wp-json\/wp\/v2\/posts\/13546\/revisions\/13549"}],"wp:featuredmedia":[{"embeddable":true,"href":"https:\/\/www.captourist.com\/es\/wp-json\/wp\/v2\/media\/13540"}],"wp:attachment":[{"href":"https:\/\/www.captourist.com\/es\/wp-json\/wp\/v2\/media?parent=13546"}],"wp:term":[{"taxonomy":"category","embeddable":true,"href":"https:\/\/www.captourist.com\/es\/wp-json\/wp\/v2\/categories?post=13546"},{"taxonomy":"post_tag","embeddable":true,"href":"https:\/\/www.captourist.com\/es\/wp-json\/wp\/v2\/tags?post=13546"}],"curies":[{"name":"wp","href":"https:\/\/api.w.org\/{rel}","templated":true}]}}